{"id":2915,"date":"2023-12-21T13:01:22","date_gmt":"2023-12-21T11:01:22","guid":{"rendered":"http:\/\/igualdad.cepymearagon.es\/?p=2915"},"modified":"2023-12-21T13:01:22","modified_gmt":"2023-12-21T11:01:22","slug":"formacion-gratuita-proteccion-integral-contra-la-violencia-sexual-en-el-ambito-laboral-ley-organica-10-2022","status":"publish","type":"post","link":"https:\/\/igualdad.cepymearagon.es\/?p=2915","title":{"rendered":"FORMACI\u00d3N GRATUITA \u2013 PROTECCI\u00d3N INTEGRAL CONTRA LA VIOLENCIA SEXUAL EN EL \u00c1MBITO LABORAL &#8211; Ley Org\u00e1nica 10\/2022"},"content":{"rendered":"<p>La Ley Org\u00e1nica 10\/2022, de 6 de septiembre, de garant\u00eda integral de la libertad sexual establece en su art\u00edculo 12.2 que \u00abLas empresas promover\u00e1n la sensibilizaci\u00f3n y ofrecer\u00e1n formaci\u00f3n para la protecci\u00f3n integral contra las violencias sexuales a todo el personal a su servicio\u00bb, en base a este mandato, CEPYME ARAG\u00d3N, con la financiaci\u00f3n del Gobierno de Arag\u00f3n, ha elaborado el <strong>curso<\/strong> <strong>PROTECCI\u00d3N INTEGRAL CONTRA LA VIOLENCIA SEXUAL EN EL \u00c1MBITO LABORAL &#8211; Ley Org\u00e1nica 10\/2022.<\/strong><\/p>\n<p>Se trata de una <strong>acci\u00f3n formativa GRATUITA en modalidad on line<\/strong> con una duraci\u00f3n de <strong>8 horas<\/strong>, que tiene como objetivo promover la sensibilizaci\u00f3n y formar a las personas trabajadoras en la protecci\u00f3n integral contra las violencias sexuales en el \u00e1mbito laboral dando cumplimiento a lo establecido en la Ley Org\u00e1nica 10\/2022.<\/p>\n<p>Las personas interesadas en realizar esta formaci\u00f3n pueden acceder a la misma pinchando en el siguiente enlace:<\/p>\n<p style=\"text-align: center;\"><strong><a class=\"fasc-button fasc-size-medium fasc-type-flat\" style=\"background-color: #114733; color: #ffffff;\" target=\"_blank\" rel=\"noopener\" href=\"https:\/\/igualdad.cepymearagon.es\/?page_id=2933\">ACCEDA AL CURSO<\/a><\/strong><\/p>\n","protected":false},"excerpt":{"rendered":"<p>La Ley Org\u00e1nica 10\/2022, de 6 de septiembre, de garant\u00eda integral de la libertad sexual establece en su art\u00edculo 12.2 que \u00abLas empresas promover\u00e1n la sensibilizaci\u00f3n y ofrecer\u00e1n formaci\u00f3n para la protecci\u00f3n integral contra las violencias sexuales a todo el personal a su servicio\u00bb, en base a este mandato, CEPYME ARAG\u00d3N, con la financiaci\u00f3n del [&hellip;]<\/p>\n","protected":false},"author":2,"featured_media":2918,"comment_status":"closed","ping_status":"open","sticky":false,"template":"","format":"standard","meta":{"jetpack_post_was_ever_published":false,"_jetpack_newsletter_access":"","_jetpack_dont_email_post_to_subs":false,"_jetpack_newsletter_tier_id":0,"_jetpack_memberships_contains_paywalled_content":false,"_jetpack_memberships_contains_paid_content":false,"footnotes":"","jetpack_publicize_message":"","jetpack_publicize_feature_enabled":true,"jetpack_social_post_already_shared":true,"jetpack_social_options":{"image_generator_settings":{"template":"highway","default_image_id":0,"font":"","enabled":false},"version":2}},"categories":[25,1,27,19],"tags":[56,684],"class_list":["post-2915","post","type-post","status-publish","format-standard","has-post-thumbnail","hentry","category-formacion","category-igualdad","category-noticia","category-publicaciones","tag-acciones-igualdad-cepyme-aragon","tag-violencia-sexual"],"jetpack_publicize_connections":[],"jetpack_featured_media_url":"https:\/\/igualdad.cepymearagon.es\/wp-content\/uploads\/curso-2023.jpg","jetpack_sharing_enabled":true,"jetpack_shortlink":"https:\/\/wp.me\/p7ISwz-L1","post_mailing_queue_ids":[],"_links":{"self":[{"href":"https:\/\/igualdad.cepymearagon.es\/index.php?rest_route=\/wp\/v2\/posts\/2915","targetHints":{"allow":["GET"]}}],"collection":[{"href":"https:\/\/igualdad.cepymearagon.es\/index.php?rest_route=\/wp\/v2\/posts"}],"about":[{"href":"https:\/\/igualdad.cepymearagon.es\/index.php?rest_route=\/wp\/v2\/types\/post"}],"author":[{"embeddable":true,"href":"https:\/\/igualdad.cepymearagon.es\/index.php?rest_route=\/wp\/v2\/users\/2"}],"replies":[{"embeddable":true,"href":"https:\/\/igualdad.cepymearagon.es\/index.php?rest_route=%2Fwp%2Fv2%2Fcomments&post=2915"}],"version-history":[{"count":11,"href":"https:\/\/igualdad.cepymearagon.es\/index.php?rest_route=\/wp\/v2\/posts\/2915\/revisions"}],"predecessor-version":[{"id":3000,"href":"https:\/\/igualdad.cepymearagon.es\/index.php?rest_route=\/wp\/v2\/posts\/2915\/revisions\/3000"}],"wp:featuredmedia":[{"embeddable":true,"href":"https:\/\/igualdad.cepymearagon.es\/index.php?rest_route=\/wp\/v2\/media\/2918"}],"wp:attachment":[{"href":"https:\/\/igualdad.cepymearagon.es\/index.php?rest_route=%2Fwp%2Fv2%2Fmedia&parent=2915"}],"wp:term":[{"taxonomy":"category","embeddable":true,"href":"https:\/\/igualdad.cepymearagon.es\/index.php?rest_route=%2Fwp%2Fv2%2Fcategories&post=2915"},{"taxonomy":"post_tag","embeddable":true,"href":"https:\/\/igualdad.cepymearagon.es\/index.php?rest_route=%2Fwp%2Fv2%2Ftags&post=2915"}],"curies":[{"name":"wp","href":"https:\/\/api.w.org\/{rel}","templated":true}]}}