{"id":4349,"date":"2026-03-06T10:00:37","date_gmt":"2026-03-06T09:00:37","guid":{"rendered":"https:\/\/igualdad.cepymearagon.es\/?p=4349"},"modified":"2026-03-04T10:15:21","modified_gmt":"2026-03-04T09:15:21","slug":"8-de-marzo-dia-internacional-de-la-mujer-5","status":"publish","type":"post","link":"https:\/\/igualdad.cepymearagon.es\/?p=4349","title":{"rendered":"8 DE MARZO &#8211; D\u00cdA INTERNACIONAL DE LA MUJER"},"content":{"rendered":"<p>El domingo <strong>8 de marzo<\/strong> celebramos el <strong>D\u00eda Internacional de la Mujer<\/strong>, una fecha oficial reconocida por Naciones Unidas para promover la igualdad de g\u00e9nero y la plena participaci\u00f3n de las mujeres en todos los \u00e1mbitos de la sociedad.<\/p>\n<p>El D\u00eda Internacional de la Mujer no es \u00fanicamente una celebraci\u00f3n simb\u00f3lica, sino tambi\u00e9n un momento para reflexionar sobre los avances logrados y los retos pendientes para alcanzar la igualdad real y efectiva en todos los \u00e1mbitos de la sociedad.<\/p>\n<p>Seg\u00fan los organismos internacionales, sus principales objetivos son:<\/p>\n<ul>\n<li><strong>Reconocer las contribuciones de las mujeres<\/strong> al desarrollo social, econ\u00f3mico, cultural y pol\u00edtico.<\/li>\n<li><strong>Visibilizar las desigualdades a\u00fan existentes<\/strong>, como las brechas salariales, la menor presencia en puestos de liderazgo o la violencia de g\u00e9nero.<\/li>\n<li><strong>Impulsar pol\u00edticas p\u00fablicas y compromisos institucionales<\/strong> que garanticen la igualdad real y efectiva.<\/li>\n<li><strong>Fomentar la sensibilizaci\u00f3n social<\/strong>, promoviendo una cultura basada en el respeto, la corresponsabilidad y la igualdad de oportunidades.<\/li>\n<\/ul>\n<p>&nbsp;<\/p>\n<p><strong>CAMPA\u00d1A INTERNACIONAL DE 2026<\/strong><\/p>\n<p>El <strong>tema oficial del D\u00eda Internacional de la Mujer 2026<\/strong> elegido por ONU MUJERES es <strong>\u201cDerechos. Justicia. Acci\u00f3n. Para TODAS las mujeres y ni\u00f1as\u201d<\/strong>, un lema que subraya la necesidad de eliminar las barreras que impiden el acceso pleno a derechos y justicia para todas las mujeres y ni\u00f1as del mundo.<\/p>\n<p>Este a\u00f1o, la celebraci\u00f3n en las Naciones Unidas tendr\u00e1 lugar el <strong>9 de marzo <\/strong>y se centrar\u00e1 en la igualdad de justicia, en consonancia con el <strong><a href=\"https:\/\/www.unwomen.org\/en\/how-we-work\/commission-on-the-status-of-women\/csw70-2026\">70.\u00ba per\u00edodo de sesiones de la Comisi\u00f3n de la Condici\u00f3n Jur\u00eddica y Social de la Mujer de las Naciones Unidas (CSW70)<\/a><\/strong>, del 9 al 19 de marzo.<\/p>\n<p>Durante este periodo, representantes de los Estados Miembros, los organismos de las Naciones Unidas y la sociedad civil se reunir\u00e1n para negociar conclusiones sobre el reto de garantizar y fortalecer el acceso a la justicia para todas las mujeres y ni\u00f1as mediante la promoci\u00f3n de sistemas jur\u00eddicos inclusivos y equitativos, la eliminaci\u00f3n de las leyes, pol\u00edticas y pr\u00e1cticas discriminatorias, y la lucha contra las barreras estructurales.<\/p>\n<p>Complementariamente, la campa\u00f1a internacional <strong>#<a href=\"https:\/\/www.internationalwomensday.com\/Theme\">GiveToGain<\/a><\/strong> pone el foco en la importancia de la <strong>generosidad y el apoyo colectivo<\/strong> para avanzar en la igualdad de g\u00e9nero, destacando que al \u201cdar\u201d recursos, conocimientos, oportunidades y visibilidad se contribuye a \u201cganar\u201d progreso y justicia para las mujeres.<\/p>\n<p>\u00abDar para Ganar\u00bb enfatiza el poder de la reciprocidad y el apoyo. Cuando las personas, organizaciones y comunidades donan generosamente, aumentan las oportunidades y el apoyo para las mujeres.<\/p>\n<p>Ya sea a trav\u00e9s de donaciones, conocimiento, recursos, infraestructura, visibilidad, defensa, educaci\u00f3n, capacitaci\u00f3n, mentor\u00eda o tiempo, contribuir al avance de las mujeres ayuda a crear un mundo m\u00e1s solidario e interconectado.<\/p>\n<p>&nbsp;<\/p>\n<p><strong>MINISTERIO DE IGUALDAD<\/strong><\/p>\n<p>Para conmemorar esta fecha, el Ministerio de Igualdad ha lanzado la campa\u00f1a institucional <strong>\u201cMujeres de alto valor. No dejaremos que el pasado avance\u201d.<\/strong><\/p>\n<p>Esta campa\u00f1a, compuesta por una colecci\u00f3n de v\u00eddeos e infograf\u00edas, se centra en fen\u00f3menos potenciados a trav\u00e9s de las redes sociales como el de las <em>tradwives<\/em>, las j\u00f3venes que aspiran a ser tratadas como princesas, o las que se han denominado mujeres de \u2018alto valor\u2019, que promueven una feminidad ligada a la sumisi\u00f3n, a la vuelta de las mujeres a la \u00f3rbita dom\u00e9stica y a la dependencia econ\u00f3mica del hombre.<\/p>\n<p><a class=\"fasc-button fasc-size-medium fasc-type-glossy fasc-rounded-medium fasc-style-bold\" style=\"background-color: #114733; color: #ffffff;\" target=\"_blank\" rel=\"noopener\" href=\"https:\/\/www.igualdad.gob.es\/comunicacion\/campanas\/mujeres-de-alto-valor-no-dejaremos-que-el-pasado-avance\/\">ACCESO MATERIALES<\/a><\/p>\n<p>&nbsp;<\/p>\n<p><strong>INSTITUTO ARAGON\u00c9S DE LA MUJER<\/strong><\/p>\n<p>El Instituto Aragon\u00e9s de la Mujer impulsa una programaci\u00f3n especial con motivo del 8M, con el objetivo de avanzar hacia la igualdad real en Arag\u00f3n.<\/p>\n<p>Entre otras actividades, esta programaci\u00f3n se compone de 18 nuevas acciones formativas agrupadas en las \u00e1reas de violencias contra la mujer, igualdad en la empresa, digital, emprendimiento y orientaci\u00f3n y empleo.<\/p>\n<p>Adem\u00e1s, se llevar\u00e1n a cabo las jornadas \u201cMujeres, visibilidad y capacidades: rompiendo el doble silencio\u201d y \u201cMujeres que cultivan el cambio: liderazgo, innovaci\u00f3n y emprendimiento en el sector agroalimentario y ganadero\u201d.<\/p>\n<p><a class=\"fasc-button fasc-size-medium fasc-type-glossy fasc-rounded-medium fasc-style-bold\" style=\"background-color: #114733; color: #ffffff;\" target=\"_blank\" rel=\"noopener\" href=\"https:\/\/igualdad.cepymearagon.es\/wp-content\/uploads\/8M_programacion-IAM.pdf\">DESCARGAR ACTIVIDADES<\/a><\/p>\n<p>&nbsp;<\/p>\n<p><strong>AYUNTAMIENTO DE ZARAGOZA<\/strong><\/p>\n<p>Por su parte, el Servicio de Igualdad del Ayuntamiento de Zaragoza, da continuidad a su campa\u00f1a en la que se recoge como referente a ocho mujeres.<\/p>\n<p>Con ello se pretende rendir homenaje a mujeres con las que nos cruzamos por calles de la ciudad cada d\u00eda , con el lema <strong>\u201c\u00bfBuscas referentes? Son tus vecinas\u201d.<\/strong><\/p>\n<p>La campa\u00f1a est\u00e1 compuesta por diferentes actividades como exposiciones, charlas y talleres que se realizar\u00e1n a lo largo del mes de marzo.<\/p>\n<p><a class=\"fasc-button fasc-size-medium fasc-type-glossy fasc-rounded-medium fasc-style-bold\" style=\"background-color: #114733; color: #ffffff;\" target=\"_blank\" rel=\"noopener\" href=\"https:\/\/igualdad.cepymearagon.es\/wp-content\/uploads\/8M_programacion-IAM.pdf\">DESCARGAR PROGRAMACI\u00d3N<\/a><\/p>\n","protected":false},"excerpt":{"rendered":"<p>El domingo 8 de marzo celebramos el D\u00eda Internacional de la Mujer, una fecha oficial reconocida por Naciones Unidas para promover la igualdad de g\u00e9nero y la plena participaci\u00f3n de las mujeres en todos los \u00e1mbitos de la sociedad. El D\u00eda Internacional de la Mujer no es \u00fanicamente una celebraci\u00f3n simb\u00f3lica, sino tambi\u00e9n un momento [&hellip;]<\/p>\n","protected":false},"author":2,"featured_media":4350,"comment_status":"closed","ping_status":"open","sticky":false,"template":"","format":"standard","meta":{"jetpack_post_was_ever_published":false,"_jetpack_newsletter_access":"","_jetpack_dont_email_post_to_subs":false,"_jetpack_newsletter_tier_id":0,"_jetpack_memberships_contains_paywalled_content":false,"_jetpack_memberships_contains_paid_content":false,"footnotes":"","jetpack_publicize_message":"","jetpack_publicize_feature_enabled":true,"jetpack_social_post_already_shared":true,"jetpack_social_options":{"image_generator_settings":{"template":"highway","default_image_id":0,"font":"","enabled":false},"version":2}},"categories":[1747,5,682,1,713,27],"tags":[1746,1745,1503,85],"class_list":["post-4349","post","type-post","status-publish","format-standard","has-post-thumbnail","hentry","category-8m","category-eventos","category-iam","category-igualdad","category-instituto-de-las-mujeres","category-noticia","tag-givetogain","tag-iwd2026","tag-poryparatodas","tag-8m"],"jetpack_publicize_connections":[],"jetpack_featured_media_url":"https:\/\/igualdad.cepymearagon.es\/wp-content\/uploads\/8M_IAM-Gobierno-de-Aragon.jpg","jetpack_sharing_enabled":true,"jetpack_shortlink":"https:\/\/wp.me\/p7ISwz-189","post_mailing_queue_ids":[],"_links":{"self":[{"href":"https:\/\/igualdad.cepymearagon.es\/index.php?rest_route=\/wp\/v2\/posts\/4349","targetHints":{"allow":["GET"]}}],"collection":[{"href":"https:\/\/igualdad.cepymearagon.es\/index.php?rest_route=\/wp\/v2\/posts"}],"about":[{"href":"https:\/\/igualdad.cepymearagon.es\/index.php?rest_route=\/wp\/v2\/types\/post"}],"author":[{"embeddable":true,"href":"https:\/\/igualdad.cepymearagon.es\/index.php?rest_route=\/wp\/v2\/users\/2"}],"replies":[{"embeddable":true,"href":"https:\/\/igualdad.cepymearagon.es\/index.php?rest_route=%2Fwp%2Fv2%2Fcomments&post=4349"}],"version-history":[{"count":9,"href":"https:\/\/igualdad.cepymearagon.es\/index.php?rest_route=\/wp\/v2\/posts\/4349\/revisions"}],"predecessor-version":[{"id":4358,"href":"https:\/\/igualdad.cepymearagon.es\/index.php?rest_route=\/wp\/v2\/posts\/4349\/revisions\/4358"}],"wp:featuredmedia":[{"embeddable":true,"href":"https:\/\/igualdad.cepymearagon.es\/index.php?rest_route=\/wp\/v2\/media\/4350"}],"wp:attachment":[{"href":"https:\/\/igualdad.cepymearagon.es\/index.php?rest_route=%2Fwp%2Fv2%2Fmedia&parent=4349"}],"wp:term":[{"taxonomy":"category","embeddable":true,"href":"https:\/\/igualdad.cepymearagon.es\/index.php?rest_route=%2Fwp%2Fv2%2Fcategories&post=4349"},{"taxonomy":"post_tag","embeddable":true,"href":"https:\/\/igualdad.cepymearagon.es\/index.php?rest_route=%2Fwp%2Fv2%2Ftags&post=4349"}],"curies":[{"name":"wp","href":"https:\/\/api.w.org\/{rel}","templated":true}]}}