{"id":4362,"date":"2026-03-16T13:01:44","date_gmt":"2026-03-16T12:01:44","guid":{"rendered":"https:\/\/igualdad.cepymearagon.es\/?p=4362"},"modified":"2026-03-16T13:10:24","modified_gmt":"2026-03-16T12:10:24","slug":"laboratorio-de-innovacion-abierta-en-igualdad-liai-2026","status":"publish","type":"post","link":"https:\/\/igualdad.cepymearagon.es\/?p=4362","title":{"rendered":"LABORATORIO DE INNOVACI\u00d3N ABIERTA EN IGUALDAD (LIAI) 2026"},"content":{"rendered":"<p>El pr\u00f3ximo <strong>26 de marzo<\/strong> se celebrar\u00e1 en Zaragoza la <strong>tercera edici\u00f3n del Laboratorio de Innovaci\u00f3n Abierta en Igualdad (LIAI 2026)<\/strong>, organizado por el Servicio de Igualdad y mujer del Ayuntamiento de Zaragoza y Grupo Init a trav\u00e9s CIEM Zaragoza.<\/p>\n<p>LIAI es un espacio participativo abierto a toda la ciudadan\u00eda para trabajar la igualdad desde la experiencia y la acci\u00f3n colectiva. En esta edici\u00f3n, el laboratorio propone un recorrido en cuatro fases \u2014<strong>Mirar, Sentir, Mover y Actuar<\/strong>\u2014 que permitir\u00e1 identificar desigualdades normalizadas, conectar emoci\u00f3n y conciencia, implicarse y trasladar compromisos concretos al entorno personal, profesional o social.<\/p>\n<p>Durante la jornada se desarrollar\u00e1n din\u00e1micas participativas, espacios de networking y una exposici\u00f3n art\u00edstica vinculada a un proyecto de inserci\u00f3n socio-ocupacional que utiliza el arte como herramienta de transformaci\u00f3n y generaci\u00f3n de oportunidades.<\/p>\n<p>&#x1f4c5; 26 de marzo | &#x1f566; 11:30 &#8211; 13:30 | &#x1f4cd; Etop\u00eda &#8211; Cantina.<\/p>\n<p><strong>11:30<\/strong>&nbsp;|&nbsp;<strong>Bienvenida.<\/strong><br \/>\n<strong>11:45<\/strong>&nbsp;|&nbsp;<strong>Fase 1 \u2013 Mirar <\/strong>la realidad con perspectiva, identificando desigualdades normalizadas y el contexto que las sostiene.<br \/>\n<strong>12:15<\/strong>&nbsp;|&nbsp;<strong>Fase 2 \u2013 Sentir <\/strong>desde una experiencia sensorial y colectiva que conecte emoci\u00f3n y conciencia.<br \/>\n<strong>12:30<\/strong>&nbsp;|&nbsp;<strong>Fase 3 \u2013 Mover&nbsp;<\/strong>la posici\u00f3n individual hacia la implicaci\u00f3n activa<br \/>\n<strong>12:45<\/strong>&nbsp;|&nbsp;<strong>Fase 4 \u2013 Actuar&nbsp;<\/strong>definiendo peque\u00f1as acciones o compromisos trasladables al entorno personas, profesional o social.<br \/>\n<strong>13:00<\/strong>&nbsp;|&nbsp;<strong>Cierre del evento + networking.<\/strong><\/p>\n<p>Entrada gratuita con aforo limitado.<\/p>\n<p><a class=\"fasc-button fasc-size-medium fasc-type-glossy fasc-rounded-medium fasc-style-bold\" style=\"background-color: #114733; color: #ffffff;\" target=\"_blank\" rel=\"noopener\" href=\"https:\/\/www.ciemzaragoza.es\/events\/laboratorio-de-innovacion-abierta-en-igualdad-2026\/&nbsp;\">INFORMACI\u00d3N E INSCRIPCIONES<\/a><\/p>\n","protected":false},"excerpt":{"rendered":"<p>El pr\u00f3ximo 26 de marzo se celebrar\u00e1 en Zaragoza la tercera edici\u00f3n del Laboratorio de Innovaci\u00f3n Abierta en Igualdad (LIAI 2026), organizado por el Servicio de Igualdad y mujer del Ayuntamiento de Zaragoza y Grupo Init a trav\u00e9s CIEM Zaragoza. LIAI es un espacio participativo abierto a toda la ciudadan\u00eda para trabajar la igualdad desde [&hellip;]<\/p>\n","protected":false},"author":2,"featured_media":4363,"comment_status":"closed","ping_status":"open","sticky":false,"template":"","format":"standard","meta":{"jetpack_post_was_ever_published":false,"_jetpack_newsletter_access":"","_jetpack_dont_email_post_to_subs":false,"_jetpack_newsletter_tier_id":0,"_jetpack_memberships_contains_paywalled_content":false,"_jetpack_memberships_contains_paid_content":false,"footnotes":"","jetpack_publicize_message":"","jetpack_publicize_feature_enabled":true,"jetpack_social_post_already_shared":true,"jetpack_social_options":{"image_generator_settings":{"template":"highway","default_image_id":0,"font":"","enabled":false},"version":2}},"categories":[5,1,27],"tags":[1429,1758,1757,1759],"class_list":["post-4362","post","type-post","status-publish","format-standard","has-post-thumbnail","hentry","category-eventos","category-igualdad","category-noticia","tag-ayuntamiento-de-zaragoza","tag-ciem-zaragoza","tag-grupo-init","tag-liai"],"jetpack_publicize_connections":[],"jetpack_featured_media_url":"https:\/\/igualdad.cepymearagon.es\/wp-content\/uploads\/LIAI-2026.jpg","jetpack_sharing_enabled":true,"jetpack_shortlink":"https:\/\/wp.me\/p7ISwz-18m","post_mailing_queue_ids":[],"_links":{"self":[{"href":"https:\/\/igualdad.cepymearagon.es\/index.php?rest_route=\/wp\/v2\/posts\/4362","targetHints":{"allow":["GET"]}}],"collection":[{"href":"https:\/\/igualdad.cepymearagon.es\/index.php?rest_route=\/wp\/v2\/posts"}],"about":[{"href":"https:\/\/igualdad.cepymearagon.es\/index.php?rest_route=\/wp\/v2\/types\/post"}],"author":[{"embeddable":true,"href":"https:\/\/igualdad.cepymearagon.es\/index.php?rest_route=\/wp\/v2\/users\/2"}],"replies":[{"embeddable":true,"href":"https:\/\/igualdad.cepymearagon.es\/index.php?rest_route=%2Fwp%2Fv2%2Fcomments&post=4362"}],"version-history":[{"count":6,"href":"https:\/\/igualdad.cepymearagon.es\/index.php?rest_route=\/wp\/v2\/posts\/4362\/revisions"}],"predecessor-version":[{"id":4369,"href":"https:\/\/igualdad.cepymearagon.es\/index.php?rest_route=\/wp\/v2\/posts\/4362\/revisions\/4369"}],"wp:featuredmedia":[{"embeddable":true,"href":"https:\/\/igualdad.cepymearagon.es\/index.php?rest_route=\/wp\/v2\/media\/4363"}],"wp:attachment":[{"href":"https:\/\/igualdad.cepymearagon.es\/index.php?rest_route=%2Fwp%2Fv2%2Fmedia&parent=4362"}],"wp:term":[{"taxonomy":"category","embeddable":true,"href":"https:\/\/igualdad.cepymearagon.es\/index.php?rest_route=%2Fwp%2Fv2%2Fcategories&post=4362"},{"taxonomy":"post_tag","embeddable":true,"href":"https:\/\/igualdad.cepymearagon.es\/index.php?rest_route=%2Fwp%2Fv2%2Ftags&post=4362"}],"curies":[{"name":"wp","href":"https:\/\/api.w.org\/{rel}","templated":true}]}}